{"id":18,"date":"2020-04-27T17:48:00","date_gmt":"2020-04-27T17:48:00","guid":{"rendered":"https:\/\/pierregirault.fr\/blog\/?p=18"},"modified":"2020-05-28T08:32:45","modified_gmt":"2020-05-28T08:32:45","slug":"permaculture-sans-jardin","status":"publish","type":"post","link":"https:\/\/pierregirault.fr\/blog\/permaculture-sans-jardin\/","title":{"rendered":"Permaculture sans jardin&#160;!"},"content":{"rendered":"\n<p>Je me souviens au lyc\u00e9e d&rsquo;un dialogue entre deux profs d&rsquo;art plastique sur la question de savoir qui de la contrainte ou de la libert\u00e9 totale favorise le mieux la cr\u00e9ativit\u00e9. A l&rsquo;\u00e9poque ce d\u00e9bat me d\u00e9passait un peu, mais aujourd&rsquo;hui, je pense que c&rsquo;est bien la contrainte&#160;!<\/p>\n\n\n\n<p>En cette p\u00e9riode de pand\u00e9mie (Covid 19) \u00e7a ne manque pas avec le confinement. Je me suis donc demand\u00e9 comment tirer le mieux partie de la sortie pour achat de premi\u00e8re n\u00e9cessit\u00e9, alimentaire en l\u2019occurrence, tout en respectant les r\u00e8gles. Par exemple, aller faire ses courses \u00e0 pied, j&rsquo;ai du temps comme beaucoup, et acheter \u00e0 un producteur local. Il se trouve qu&rsquo;il y en a <a href=\"https:\/\/www.plaisirs-fermiers.fr\/niort-sainte-pezenne\/\">un \u00e0 moins de 5 km de chez moi<\/a> (#<em>contexte<\/em>). <\/p>\n\n\n\n<p>Alors que vient faire la permaculture l\u00e0 dedans&#160;? Et bien ce simple choix de d\u00e9placement illustre plusieurs principes et m\u00eame l&rsquo;\u00e9thique de la permaculture, qui ne s&rsquo;applique pas qu&rsquo;au jardin ou aux cultures agricoles <a href=\"http:\/\/permaculture-upp.org\/upp\/la-permaculture\/\">mais aussi \u00e0 bien d&rsquo;autres domaines<\/a> (voir la \u00ab&#160;fleur permaculturelle&#160;\u00bb). Pour cette sortie j&rsquo;aurais aussi bien pu prendre ma voiture et gagner\u2026 du temps&#160;? En optant pour la marche, je fais \u00e0 la fois de l&rsquo;exercice physique et des achats essentiels, ce qui m&rsquo;\u00e9vite une sortie suppl\u00e9mentaire. Pour peu qu&rsquo;il y ait du soleil (c&rsquo;est le cas en ce mois de mars 2020), je fais le plein de vitamine D, vitamine b\u00e9n\u00e9fique au syst\u00e8me immunitaire. En marchant, je vais aussi \u00e9conomiser l&rsquo;\u00e9nergie n\u00e9cessaire \u00e0 la voiture et l&rsquo;\u00e9nergie, c&rsquo;est pr\u00e9cieux. En achetant local, je favorise une fili\u00e8re moins \u00e9nergivore \u00e9galement et je fais vivre directement des agriculteurs.<\/p>\n\n\n\n<figure class=\"wp-block-gallery aligncenter columns-2 is-cropped wp-block-gallery-1 is-layout-flex wp-block-gallery-is-layout-flex\"><ul class=\"blocks-gallery-grid\"><li class=\"blocks-gallery-item\"><figure><img loading=\"lazy\" decoding=\"async\" width=\"1000\" height=\"1000\" src=\"https:\/\/pierregirault.fr\/blog\/wp-content\/uploads\/2020\/04\/IMG_7207.jpg\" alt=\"Canards col vert\" data-id=\"102\" data-full-url=\"https:\/\/pierregirault.fr\/blog\/wp-content\/uploads\/2020\/04\/IMG_7207.jpg\" data-link=\"https:\/\/pierregirault.fr\/blog\/img_7207\/\" class=\"wp-image-102\" srcset=\"https:\/\/pierregirault.fr\/blog\/wp-content\/uploads\/2020\/04\/IMG_7207.jpg 1000w, https:\/\/pierregirault.fr\/blog\/wp-content\/uploads\/2020\/04\/IMG_7207-300x300.jpg 300w, https:\/\/pierregirault.fr\/blog\/wp-content\/uploads\/2020\/04\/IMG_7207-150x150.jpg 150w, https:\/\/pierregirault.fr\/blog\/wp-content\/uploads\/2020\/04\/IMG_7207-768x768.jpg 768w\" sizes=\"auto, (max-width: 1000px) 100vw, 1000px\" \/><\/figure><\/li><li class=\"blocks-gallery-item\"><figure><img loading=\"lazy\" decoding=\"async\" width=\"812\" height=\"1000\" src=\"https:\/\/pierregirault.fr\/blog\/wp-content\/uploads\/2020\/04\/IMG_7213.jpg\" alt=\"\" data-id=\"106\" data-full-url=\"https:\/\/pierregirault.fr\/blog\/wp-content\/uploads\/2020\/04\/IMG_7213.jpg\" data-link=\"https:\/\/pierregirault.fr\/blog\/img_7213\/\" class=\"wp-image-106\" srcset=\"https:\/\/pierregirault.fr\/blog\/wp-content\/uploads\/2020\/04\/IMG_7213.jpg 812w, https:\/\/pierregirault.fr\/blog\/wp-content\/uploads\/2020\/04\/IMG_7213-244x300.jpg 244w, https:\/\/pierregirault.fr\/blog\/wp-content\/uploads\/2020\/04\/IMG_7213-768x946.jpg 768w\" sizes=\"auto, (max-width: 812px) 100vw, 812px\" \/><\/figure><\/li><\/ul><\/figure>\n\n\n\n<div class=\"wp-block-image\"><figure class=\"alignleft size-large is-resized\"><img loading=\"lazy\" decoding=\"async\" src=\"https:\/\/pierregirault.fr\/blog\/wp-content\/uploads\/2020\/04\/IMG_7211.jpg\" alt=\"Ail des ours et orties\" class=\"wp-image-105\" width=\"250\" height=\"250\" srcset=\"https:\/\/pierregirault.fr\/blog\/wp-content\/uploads\/2020\/04\/IMG_7211.jpg 1000w, https:\/\/pierregirault.fr\/blog\/wp-content\/uploads\/2020\/04\/IMG_7211-300x300.jpg 300w, https:\/\/pierregirault.fr\/blog\/wp-content\/uploads\/2020\/04\/IMG_7211-150x150.jpg 150w, https:\/\/pierregirault.fr\/blog\/wp-content\/uploads\/2020\/04\/IMG_7211-768x768.jpg 768w\" sizes=\"auto, (max-width: 250px) 100vw, 250px\" \/><\/figure><\/div>\n\n\n\n<p>Le parcours que j&#8217;emprunte a aussi d&rsquo;autres avantages&#160;: il traverse deux cours d&rsquo;eau et les berges commencent \u00e0 \u00eatre garnie de plantes bien utiles et m\u00eame go\u00fbteuses en ce d\u00e9but de printemps, ici de l&rsquo;ail des ours et des orties. Il est question l\u00e0 de \u00ab&#160;l&rsquo;effet de bordure&#160;\u00bb, bordures des cours d&rsquo;eau o\u00f9 la v\u00e9g\u00e9tation est favoris\u00e9e, bordure de la ville aussi o\u00f9 j&rsquo;ai d\u00e9cid\u00e9 d&rsquo;habiter et qui me permet d&rsquo;avoir le voisinage de la campagne tout en \u00e9tant \u00e0 une distance raisonnable, \u00e0 v\u00e9lo ou en bus, du centre-ville et de ses avantages, Niort \u00e9tant une ville \u00e0 taille humaine. Sur le chemin, je profite \u00e9galement des odeurs des lilas, des glycines et du spectacle du printemps, c&rsquo;est toujours bon pour le moral&#160;!<\/p>\n\n\n\n<figure class=\"wp-block-gallery columns-2 is-cropped wp-block-gallery-2 is-layout-flex wp-block-gallery-is-layout-flex\"><ul class=\"blocks-gallery-grid\"><li class=\"blocks-gallery-item\"><figure><img loading=\"lazy\" decoding=\"async\" width=\"750\" height=\"1000\" src=\"https:\/\/pierregirault.fr\/blog\/wp-content\/uploads\/2020\/04\/IMG_7209.jpg\" alt=\"Cerisier en fleurs\" data-id=\"104\" data-full-url=\"https:\/\/pierregirault.fr\/blog\/wp-content\/uploads\/2020\/04\/IMG_7209.jpg\" data-link=\"https:\/\/pierregirault.fr\/blog\/img_7209\/\" class=\"wp-image-104\" srcset=\"https:\/\/pierregirault.fr\/blog\/wp-content\/uploads\/2020\/04\/IMG_7209.jpg 750w, https:\/\/pierregirault.fr\/blog\/wp-content\/uploads\/2020\/04\/IMG_7209-225x300.jpg 225w\" sizes=\"auto, (max-width: 750px) 100vw, 750px\" \/><\/figure><\/li><li class=\"blocks-gallery-item\"><figure><img loading=\"lazy\" decoding=\"async\" width=\"1000\" height=\"1000\" src=\"https:\/\/pierregirault.fr\/blog\/wp-content\/uploads\/2020\/04\/IMG_7208.jpg\" alt=\"glycines\" data-id=\"103\" data-full-url=\"https:\/\/pierregirault.fr\/blog\/wp-content\/uploads\/2020\/04\/IMG_7208.jpg\" data-link=\"https:\/\/pierregirault.fr\/blog\/img_7208\/\" class=\"wp-image-103\" srcset=\"https:\/\/pierregirault.fr\/blog\/wp-content\/uploads\/2020\/04\/IMG_7208.jpg 1000w, https:\/\/pierregirault.fr\/blog\/wp-content\/uploads\/2020\/04\/IMG_7208-300x300.jpg 300w, https:\/\/pierregirault.fr\/blog\/wp-content\/uploads\/2020\/04\/IMG_7208-150x150.jpg 150w, https:\/\/pierregirault.fr\/blog\/wp-content\/uploads\/2020\/04\/IMG_7208-768x768.jpg 768w\" sizes=\"auto, (max-width: 1000px) 100vw, 1000px\" \/><\/figure><\/li><\/ul><\/figure>\n\n\n\n<p>Et derni\u00e8re chose, cette sortie m&rsquo;aura donner l&rsquo;occasion de #<em>partager<\/em> ce point de vue dans cet article.<\/p>\n\n\n\n<p>\u2192 <a href=\"https:\/\/permaculture-upp.org\/\">L\u2019Universit\u00e9 Populaire de Permaculture<\/a><\/p>\n\n\n\n<p><\/p>\n\n\n\n<div class=\"wp-block-image\"><figure class=\"aligncenter size-large is-resized\"><a href=\"https:\/\/permaculture-upp.org\/\"><img loading=\"lazy\" decoding=\"async\" src=\"https:\/\/pierregirault.fr\/blog\/wp-content\/uploads\/2020\/04\/fleur-perma.png\" alt=\"fleur permaculturelle\" class=\"wp-image-110\" width=\"300\" height=\"294\" srcset=\"https:\/\/pierregirault.fr\/blog\/wp-content\/uploads\/2020\/04\/fleur-perma.png 400w, https:\/\/pierregirault.fr\/blog\/wp-content\/uploads\/2020\/04\/fleur-perma-300x294.png 300w\" sizes=\"auto, (max-width: 300px) 100vw, 300px\" \/><\/a><\/figure><\/div>\n","protected":false},"excerpt":{"rendered":"<p>Je me souviens au lyc\u00e9e d&rsquo;un dialogue entre deux profs d&rsquo;art plastique sur la question de savoir qui de la contrainte ou de la libert\u00e9 totale favorise le mieux la cr\u00e9ativit\u00e9. A l&rsquo;\u00e9poque ce d\u00e9bat me d\u00e9passait un peu, mais aujourd&rsquo;hui, je pense que c&rsquo;est bien la contrainte&#160;! En cette p\u00e9riode de pand\u00e9mie (Covid 19) [&hellip;]<\/p>\n","protected":false},"author":1,"featured_media":107,"comment_status":"closed","ping_status":"open","sticky":false,"template":"","format":"standard","meta":{"footnotes":""},"categories":[3,8],"tags":[11,9,10],"class_list":["post-18","post","type-post","status-publish","format-standard","has-post-thumbnail","hentry","category-nutrition","category-permaculture","tag-energie","tag-plante-comestible","tag-sante"],"_links":{"self":[{"href":"https:\/\/pierregirault.fr\/blog\/wp-json\/wp\/v2\/posts\/18","targetHints":{"allow":["GET"]}}],"collection":[{"href":"https:\/\/pierregirault.fr\/blog\/wp-json\/wp\/v2\/posts"}],"about":[{"href":"https:\/\/pierregirault.fr\/blog\/wp-json\/wp\/v2\/types\/post"}],"author":[{"embeddable":true,"href":"https:\/\/pierregirault.fr\/blog\/wp-json\/wp\/v2\/users\/1"}],"replies":[{"embeddable":true,"href":"https:\/\/pierregirault.fr\/blog\/wp-json\/wp\/v2\/comments?post=18"}],"version-history":[{"count":13,"href":"https:\/\/pierregirault.fr\/blog\/wp-json\/wp\/v2\/posts\/18\/revisions"}],"predecessor-version":[{"id":118,"href":"https:\/\/pierregirault.fr\/blog\/wp-json\/wp\/v2\/posts\/18\/revisions\/118"}],"wp:featuredmedia":[{"embeddable":true,"href":"https:\/\/pierregirault.fr\/blog\/wp-json\/wp\/v2\/media\/107"}],"wp:attachment":[{"href":"https:\/\/pierregirault.fr\/blog\/wp-json\/wp\/v2\/media?parent=18"}],"wp:term":[{"taxonomy":"category","embeddable":true,"href":"https:\/\/pierregirault.fr\/blog\/wp-json\/wp\/v2\/categories?post=18"},{"taxonomy":"post_tag","embeddable":true,"href":"https:\/\/pierregirault.fr\/blog\/wp-json\/wp\/v2\/tags?post=18"}],"curies":[{"name":"wp","href":"https:\/\/api.w.org\/{rel}","templated":true}]}}